{"id":4582,"date":"2020-04-22T12:14:31","date_gmt":"2020-04-22T05:14:31","guid":{"rendered":"http:\/\/13.250.117.83\/ykvn-awarded-2020-vietnams-firm-of-the-year-by-chambers\/"},"modified":"2021-04-19T15:29:23","modified_gmt":"2021-04-19T08:29:23","slug":"ykvn-awarded-2020-vietnams-firm-of-the-year-by-chambers","status":"publish","type":"post","link":"https:\/\/ykvn-law.com\/vi\/ykvn-awarded-2020-vietnams-firm-of-the-year-by-chambers\/","title":{"rendered":"YKVN Nh\u1eadn Gi\u1ea3i Th\u01b0\u1edfng C\u00f4ng Ty Lu\u1eadt Vi\u1ec7t Nam C\u1ee7a N\u0103m 2020 Do Chambers Trao T\u1eb7ng"},"content":{"rendered":"<div class=\"wpb-content-wrapper\">[vc_row][vc_column][mk_padding_divider size=&#8221;20&#8243;][vc_column_text css=&#8221;.vc_custom_1605524390838{margin-bottom: 0px !important;}&#8221;]\n<h1>YKVN Nh\u1eadn Gi\u1ea3i Th\u01b0\u1edfng C\u00f4ng Ty Lu\u1eadt Vi\u1ec7t Nam C\u1ee7a N\u0103m 2020 Do Chambers Trao T\u1eb7ng<\/h1>\n[\/vc_column_text][vc_single_image image=&#8221;5476&#8243; img_size=&#8221;full&#8221;][\/vc_column][\/vc_row][vc_row][vc_column][vc_column_text css=&#8221;.vc_custom_1605522635730{margin-bottom: 0px !important;}&#8221;]Qu\u00fd Kh\u00e1ch H\u00e0ng v\u00e0 Qu\u00fd Lu\u1eadt S\u01b0 \u0110\u1ed3ng Nghi\u1ec7p th\u00e2n m\u1ebfn,<\/p>\n<p>Ch\u00fang t\u00f4i r\u1ea5t vinh h\u1ea1nh \u0111\u01b0\u1ee3c chia s\u1ebb m\u1ed9t d\u1ea5u m\u1ed1c quan tr\u1ecdng trong ch\u1eb7ng \u0111\u01b0\u1eddng ph\u00e1t tri\u1ec3n c\u1ee7a YKVN. T\u1ea1i l\u1ec5 trao gi\u1ea3i Chambers Asia Pacific Awards 2020 v\u1eeba qua, Chambers and Partners c\u00f4ng nh\u1eadn danh hi\u1ec7u <b>C\u00f4ng Ty Lu\u1eadt Vi\u1ec7t Nam C\u1ee7a N\u0103m <\/b>d\u00e0nh cho YKVN. N\u00f3i v\u1ec1 YKVN, Chambers \u0111\u00e1nh gi\u00e1 nh\u01b0 sau:<\/p>\n<p><i>\u201cC\u00f4ng ty lu\u1eadt Vi\u1ec7t Nam YKVN t\u01b0 v\u1ea5n ph\u00e1p l\u00fd v\u1edbi ki\u1ebfn th\u1ee9c chuy\u00ean m\u00f4n s\u00e2u r\u1ed9ng h\u00e0ng \u0111\u1ea7u trong c\u00e1c l\u0129nh v\u1ef1c h\u00e0nh ngh\u1ec1 ch\u1ee7 ch\u1ed1t, nh\u01b0 ng\u00e2n h\u00e0ng, th\u1ecb tr\u01b0\u1eddng v\u1ed1n, doanh nghi\u1ec7p\/mua b\u00e1n &amp; s\u00e1p nh\u1eadp v\u00e0 gi\u1ea3i quy\u1ebft tranh ch\u1ea5p, ho\u1ea1t \u0111\u1ed9ng ngo\u00e0i v\u0103n ph\u00f2ng \u1edf c\u1ea3 H\u00e0 N\u1ed9i v\u00e0 Th\u00e0nh ph\u1ed1 H\u1ed3 Ch\u00ed Minh. YKVN cung c\u1ea5p d\u1ecbch v\u1ee5 t\u01b0 v\u1ea5n ph\u00e1p l\u00fd chuy\u00ean s\u00e2u t\u1eeb g\u00f3c \u0111\u1ed9 ph\u00e1p lu\u1eadt Vi\u1ec7t Nam, \u0111\u1ed3ng th\u1eddi ph\u1ed1i h\u1ee3p ch\u1eb7t ch\u1ebd v\u1edbi \u0111\u1ed9i ng\u0169 lu\u1eadt s\u01b0 t\u1ea1i v\u0103n ph\u00f2ng Singapore khi gi\u1ea3i quy\u1ebft c\u00e1c v\u1ee5 vi\u1ec7c \u0111a qu\u1ed1c gia [\u2026] \u0110\u1ed9i ng\u0169 lu\u1eadt s\u01b0 v\u00f4 c\u00f9ng nh\u1ea1y b\u00e9n, ph\u1ea3n h\u1ed3i nhanh ch\u00f3ng v\u00e0 lu\u00f4n gi\u1ea3i quy\u1ebft v\u1ea5n \u0111\u1ec1 m\u1ed9t c\u00e1ch c\u1ee5 th\u1ec3, r\u00f5 r\u00e0ng. <\/i><b><i>YKVN mang l\u1ea1i nh\u1eefng k\u1ebft qu\u1ea3 xu\u1ea5t s\u1eafc<\/i><\/b><i>.\u201d<\/i><\/p>\n<p>Chambers Asia Pacific Awards 2020 c\u00f4ng nh\u1eadn v\u1ecb th\u1ebf n\u1ed5i b\u1eadt c\u1ee7a h\u00e3ng lu\u1eadt t\u1ea1i c\u00e1c qu\u1ed1c gia t\u00e0i ph\u00e1n ch\u1ee7 ch\u1ed1t trong khu v\u1ef1c. Gi\u1ea3i th\u01b0\u1edfng n\u00e0y c\u0169ng ph\u1ea3n \u00e1nh nh\u1eefng th\u00e0nh t\u1ef1u \u0111\u00e1ng ch\u00fa \u00fd trong 12 th\u00e1ng v\u1eeba qua bao g\u1ed3m c\u00e1c ho\u1ea1t \u0111\u1ed9ng n\u1ed5i b\u1eadt, t\u0103ng tr\u01b0\u1edfng chi\u1ebfn l\u01b0\u1ee3c \u1ea5n t\u01b0\u1ee3ng v\u00e0 d\u1ecbch v\u1ee5 kh\u00e1ch h\u00e0ng xu\u1ea5t s\u1eafc.<\/p>\n<div>\u0110\u00e2y l\u00e0 l\u1ea7n th\u1ee9 ba YKVN \u0111\u01b0\u1ee3c vinh d\u1ef1 nh\u1eadn gi\u1ea3i th\u01b0\u1edfng n\u00e0y.<\/div>\n<div><\/div>\n[\/vc_column_text][vc_single_image image=&#8221;5478&#8243; img_size=&#8221;full&#8221;][vc_column_text css=&#8221;.vc_custom_1618820960824{margin-bottom: 0px !important;}&#8221;]N\u0103m 2020, lo ng\u1ea1i tr\u01b0\u1edbc nh\u1eefng di\u1ec5n bi\u1ebfn ph\u1ee9c t\u1ea1p trong th\u1eddi gian v\u1eeba qua do s\u1ef1 b\u00f9ng ph\u00e1t Covid-19 v\u00e0 t\u00ednh ch\u1ea5t qu\u1ed1c t\u1ebf c\u1ee7a s\u1ef1 ki\u1ec7n n\u00e0y, L\u1ec5 trao gi\u1ea3i Chambers Asia \u2013 Pacific 2020 Awards \u0111\u00e3 \u0111\u01b0\u1ee3c t\u1ed5 ch\u1ee9c theo h\u00ecnh th\u1ee9c tr\u1ef1c tuy\u1ebfn. K\u1ebft qu\u1ea3 chi ti\u1ebft \u0111\u01b0\u1ee3c c\u00f4ng b\u1ed1 t\u1ea1i: https:\/\/chambers.com\/events\/chambers-asia-pacific-awards-2020.<\/p>\n<p>\u0110\u1ec3 bi\u1ebft th\u00eam th\u00f4ng tin v\u00e0 n\u1ebfu c\u1ea7n h\u1ed7 tr\u1ee3, qu\u00fd v\u1ecb vui l\u00f2ng li\u00ean h\u1ec7:<\/p>\n<p>Ban Truy\u1ec1n th\u00f4ng v\u00e0 Marketing c\u1ee7a YKVN<\/p>\n<p>t: (+84-28) 3 822 3155<\/p>\n<p><a href=\"mailto:marketing@ykvn-law.com\">marketing@ykvn-law.com<\/a>[\/vc_column_text][\/vc_column][\/vc_row]\n<\/div>","protected":false},"excerpt":{"rendered":"<p>Ch\u00fang t\u00f4i r\u1ea5t vinh h\u1ea1nh \u0111\u01b0\u1ee3c chia s\u1ebb m\u1ed9t d\u1ea5u m\u1ed1c quan tr\u1ecdng trong ch\u1eb7ng \u0111\u01b0\u1eddng ph\u00e1t tri\u1ec3n c\u1ee7a YKVN. T\u1ea1i l\u1ec5 trao gi\u1ea3i Chambers Asia Pacific Awards 2020 v\u1eeba qua, Chambers and Partners c\u00f4ng nh\u1eadn danh hi\u1ec7u C\u00f4ng Ty Lu\u1eadt Vi\u1ec7t Nam C\u1ee7a N\u0103m d\u00e0nh cho YKVN.<\/p>\n","protected":false},"author":13,"featured_media":0,"comment_status":"closed","ping_status":"open","sticky":false,"template":"","format":"standard","meta":{"_acf_changed":false,"footnotes":""},"categories":[53],"tags":[],"class_list":["post-4582","post","type-post","status-publish","format-standard","hentry","category-news-vi"],"acf":[],"yoast_head":"<!-- This site is optimized with the Yoast SEO plugin v25.3.1 - https:\/\/yoast.com\/wordpress\/plugins\/seo\/ -->\n<title>YKVN Nh\u1eadn Gi\u1ea3i Th\u01b0\u1edfng C\u00f4ng Ty Lu\u1eadt Vi\u1ec7t Nam C\u1ee7a N\u0103m 2020 Do Chambers Trao T\u1eb7ng - YKVN<\/title>\n<meta name=\"robots\" content=\"index, follow, max-snippet:-1, max-image-preview:large, max-video-preview:-1\" \/>\n<link rel=\"canonical\" href=\"https:\/\/ykvn-law.com\/vi\/ykvn-awarded-2020-vietnams-firm-of-the-year-by-chambers\/\" \/>\n<meta property=\"og:locale\" content=\"vi_VN\" \/>\n<meta property=\"og:type\" content=\"article\" \/>\n<meta property=\"og:title\" content=\"YKVN Nh\u1eadn Gi\u1ea3i Th\u01b0\u1edfng C\u00f4ng Ty Lu\u1eadt Vi\u1ec7t Nam C\u1ee7a N\u0103m 2020 Do Chambers Trao T\u1eb7ng - YKVN\" \/>\n<meta property=\"og:description\" content=\"Ch\u00fang t\u00f4i r\u1ea5t vinh h\u1ea1nh \u0111\u01b0\u1ee3c chia s\u1ebb m\u1ed9t d\u1ea5u m\u1ed1c quan tr\u1ecdng trong ch\u1eb7ng \u0111\u01b0\u1eddng ph\u00e1t tri\u1ec3n c\u1ee7a YKVN. T\u1ea1i l\u1ec5 trao gi\u1ea3i Chambers Asia Pacific Awards 2020 v\u1eeba qua, Chambers and Partners c\u00f4ng nh\u1eadn danh hi\u1ec7u C\u00f4ng Ty Lu\u1eadt Vi\u1ec7t Nam C\u1ee7a N\u0103m d\u00e0nh cho YKVN.\" \/>\n<meta property=\"og:url\" content=\"https:\/\/ykvn-law.com\/vi\/ykvn-awarded-2020-vietnams-firm-of-the-year-by-chambers\/\" \/>\n<meta property=\"og:site_name\" content=\"YKVN\" \/>\n<meta property=\"article:publisher\" content=\"https:\/\/www.facebook.com\/ykvnlawyers\" \/>\n<meta property=\"article:published_time\" content=\"2020-04-22T05:14:31+00:00\" \/>\n<meta property=\"article:modified_time\" content=\"2021-04-19T08:29:23+00:00\" \/>\n<meta name=\"author\" content=\"van.le\" \/>\n<meta name=\"twitter:card\" content=\"summary_large_image\" \/>\n<meta name=\"twitter:label1\" content=\"Written by\" \/>\n\t<meta name=\"twitter:data1\" content=\"van.le\" \/>\n\t<meta name=\"twitter:label2\" content=\"Est. reading time\" \/>\n\t<meta name=\"twitter:data2\" content=\"3 minutes\" \/>\n<script type=\"application\/ld+json\" class=\"yoast-schema-graph\">{\"@context\":\"https:\/\/schema.org\",\"@graph\":[{\"@type\":\"Article\",\"@id\":\"https:\/\/ykvn-law.com\/vi\/ykvn-awarded-2020-vietnams-firm-of-the-year-by-chambers\/#article\",\"isPartOf\":{\"@id\":\"https:\/\/ykvn-law.com\/vi\/ykvn-awarded-2020-vietnams-firm-of-the-year-by-chambers\/\"},\"author\":{\"name\":\"van.le\",\"@id\":\"http:\/\/52.74.48.161\/vi\/#\/schema\/person\/5d08db5f24fdd3c0b33be8cd133a1d65\"},\"headline\":\"YKVN Nh\u1eadn Gi\u1ea3i Th\u01b0\u1edfng C\u00f4ng Ty Lu\u1eadt Vi\u1ec7t Nam C\u1ee7a N\u0103m 2020 Do Chambers Trao T\u1eb7ng\",\"datePublished\":\"2020-04-22T05:14:31+00:00\",\"dateModified\":\"2021-04-19T08:29:23+00:00\",\"mainEntityOfPage\":{\"@id\":\"https:\/\/ykvn-law.com\/vi\/ykvn-awarded-2020-vietnams-firm-of-the-year-by-chambers\/\"},\"wordCount\":661,\"publisher\":{\"@id\":\"http:\/\/52.74.48.161\/vi\/#organization\"},\"articleSection\":[\"News\"],\"inLanguage\":\"vi-VN\"},{\"@type\":\"WebPage\",\"@id\":\"https:\/\/ykvn-law.com\/vi\/ykvn-awarded-2020-vietnams-firm-of-the-year-by-chambers\/\",\"url\":\"https:\/\/ykvn-law.com\/vi\/ykvn-awarded-2020-vietnams-firm-of-the-year-by-chambers\/\",\"name\":\"YKVN Nh\u1eadn Gi\u1ea3i Th\u01b0\u1edfng C\u00f4ng Ty Lu\u1eadt Vi\u1ec7t Nam C\u1ee7a N\u0103m 2020 Do Chambers Trao T\u1eb7ng - YKVN\",\"isPartOf\":{\"@id\":\"http:\/\/52.74.48.161\/vi\/#website\"},\"datePublished\":\"2020-04-22T05:14:31+00:00\",\"dateModified\":\"2021-04-19T08:29:23+00:00\",\"breadcrumb\":{\"@id\":\"https:\/\/ykvn-law.com\/vi\/ykvn-awarded-2020-vietnams-firm-of-the-year-by-chambers\/#breadcrumb\"},\"inLanguage\":\"vi-VN\",\"potentialAction\":[{\"@type\":\"ReadAction\",\"target\":[\"https:\/\/ykvn-law.com\/vi\/ykvn-awarded-2020-vietnams-firm-of-the-year-by-chambers\/\"]}]},{\"@type\":\"BreadcrumbList\",\"@id\":\"https:\/\/ykvn-law.com\/vi\/ykvn-awarded-2020-vietnams-firm-of-the-year-by-chambers\/#breadcrumb\",\"itemListElement\":[{\"@type\":\"ListItem\",\"position\":1,\"name\":\"Home\",\"item\":\"https:\/\/ykvn-law.com\/vi\/\"},{\"@type\":\"ListItem\",\"position\":2,\"name\":\"YKVN Nh\u1eadn Gi\u1ea3i Th\u01b0\u1edfng C\u00f4ng Ty Lu\u1eadt Vi\u1ec7t Nam C\u1ee7a N\u0103m 2020 Do Chambers Trao T\u1eb7ng\"}]},{\"@type\":\"WebSite\",\"@id\":\"http:\/\/52.74.48.161\/vi\/#website\",\"url\":\"http:\/\/52.74.48.161\/vi\/\",\"name\":\"YKVN\",\"description\":\"\",\"publisher\":{\"@id\":\"http:\/\/52.74.48.161\/vi\/#organization\"},\"potentialAction\":[{\"@type\":\"SearchAction\",\"target\":{\"@type\":\"EntryPoint\",\"urlTemplate\":\"http:\/\/52.74.48.161\/vi\/?s={search_term_string}\"},\"query-input\":{\"@type\":\"PropertyValueSpecification\",\"valueRequired\":true,\"valueName\":\"search_term_string\"}}],\"inLanguage\":\"vi-VN\"},{\"@type\":\"Organization\",\"@id\":\"http:\/\/52.74.48.161\/vi\/#organization\",\"name\":\"YKVN\",\"url\":\"http:\/\/52.74.48.161\/vi\/\",\"logo\":{\"@type\":\"ImageObject\",\"inLanguage\":\"vi-VN\",\"@id\":\"http:\/\/52.74.48.161\/vi\/#\/schema\/logo\/image\/\",\"url\":\"https:\/\/s3.ap-southeast-1.amazonaws.com\/ykvn-law.com\/wp-content\/uploads\/2019\/11\/ykvn-logo-for-design-gutters.png\",\"contentUrl\":\"https:\/\/s3.ap-southeast-1.amazonaws.com\/ykvn-law.com\/wp-content\/uploads\/2019\/11\/ykvn-logo-for-design-gutters.png\",\"width\":2571,\"height\":1649,\"caption\":\"YKVN\"},\"image\":{\"@id\":\"http:\/\/52.74.48.161\/vi\/#\/schema\/logo\/image\/\"},\"sameAs\":[\"https:\/\/www.facebook.com\/ykvnlawyers\"]},{\"@type\":\"Person\",\"@id\":\"http:\/\/52.74.48.161\/vi\/#\/schema\/person\/5d08db5f24fdd3c0b33be8cd133a1d65\",\"name\":\"van.le\"}]}<\/script>\n<!-- \/ Yoast SEO plugin. -->","yoast_head_json":{"title":"YKVN Nh\u1eadn Gi\u1ea3i Th\u01b0\u1edfng C\u00f4ng Ty Lu\u1eadt Vi\u1ec7t Nam C\u1ee7a N\u0103m 2020 Do Chambers Trao T\u1eb7ng - YKVN","robots":{"index":"index","follow":"follow","max-snippet":"max-snippet:-1","max-image-preview":"max-image-preview:large","max-video-preview":"max-video-preview:-1"},"canonical":"https:\/\/ykvn-law.com\/vi\/ykvn-awarded-2020-vietnams-firm-of-the-year-by-chambers\/","og_locale":"vi_VN","og_type":"article","og_title":"YKVN Nh\u1eadn Gi\u1ea3i Th\u01b0\u1edfng C\u00f4ng Ty Lu\u1eadt Vi\u1ec7t Nam C\u1ee7a N\u0103m 2020 Do Chambers Trao T\u1eb7ng - YKVN","og_description":"Ch\u00fang t\u00f4i r\u1ea5t vinh h\u1ea1nh \u0111\u01b0\u1ee3c chia s\u1ebb m\u1ed9t d\u1ea5u m\u1ed1c quan tr\u1ecdng trong ch\u1eb7ng \u0111\u01b0\u1eddng ph\u00e1t tri\u1ec3n c\u1ee7a YKVN. T\u1ea1i l\u1ec5 trao gi\u1ea3i Chambers Asia Pacific Awards 2020 v\u1eeba qua, Chambers and Partners c\u00f4ng nh\u1eadn danh hi\u1ec7u C\u00f4ng Ty Lu\u1eadt Vi\u1ec7t Nam C\u1ee7a N\u0103m d\u00e0nh cho YKVN.","og_url":"https:\/\/ykvn-law.com\/vi\/ykvn-awarded-2020-vietnams-firm-of-the-year-by-chambers\/","og_site_name":"YKVN","article_publisher":"https:\/\/www.facebook.com\/ykvnlawyers","article_published_time":"2020-04-22T05:14:31+00:00","article_modified_time":"2021-04-19T08:29:23+00:00","author":"van.le","twitter_card":"summary_large_image","twitter_misc":{"Written by":"van.le","Est. reading time":"3 minutes"},"schema":{"@context":"https:\/\/schema.org","@graph":[{"@type":"Article","@id":"https:\/\/ykvn-law.com\/vi\/ykvn-awarded-2020-vietnams-firm-of-the-year-by-chambers\/#article","isPartOf":{"@id":"https:\/\/ykvn-law.com\/vi\/ykvn-awarded-2020-vietnams-firm-of-the-year-by-chambers\/"},"author":{"name":"van.le","@id":"http:\/\/52.74.48.161\/vi\/#\/schema\/person\/5d08db5f24fdd3c0b33be8cd133a1d65"},"headline":"YKVN Nh\u1eadn Gi\u1ea3i Th\u01b0\u1edfng C\u00f4ng Ty Lu\u1eadt Vi\u1ec7t Nam C\u1ee7a N\u0103m 2020 Do Chambers Trao T\u1eb7ng","datePublished":"2020-04-22T05:14:31+00:00","dateModified":"2021-04-19T08:29:23+00:00","mainEntityOfPage":{"@id":"https:\/\/ykvn-law.com\/vi\/ykvn-awarded-2020-vietnams-firm-of-the-year-by-chambers\/"},"wordCount":661,"publisher":{"@id":"http:\/\/52.74.48.161\/vi\/#organization"},"articleSection":["News"],"inLanguage":"vi-VN"},{"@type":"WebPage","@id":"https:\/\/ykvn-law.com\/vi\/ykvn-awarded-2020-vietnams-firm-of-the-year-by-chambers\/","url":"https:\/\/ykvn-law.com\/vi\/ykvn-awarded-2020-vietnams-firm-of-the-year-by-chambers\/","name":"YKVN Nh\u1eadn Gi\u1ea3i Th\u01b0\u1edfng C\u00f4ng Ty Lu\u1eadt Vi\u1ec7t Nam C\u1ee7a N\u0103m 2020 Do Chambers Trao T\u1eb7ng - YKVN","isPartOf":{"@id":"http:\/\/52.74.48.161\/vi\/#website"},"datePublished":"2020-04-22T05:14:31+00:00","dateModified":"2021-04-19T08:29:23+00:00","breadcrumb":{"@id":"https:\/\/ykvn-law.com\/vi\/ykvn-awarded-2020-vietnams-firm-of-the-year-by-chambers\/#breadcrumb"},"inLanguage":"vi-VN","potentialAction":[{"@type":"ReadAction","target":["https:\/\/ykvn-law.com\/vi\/ykvn-awarded-2020-vietnams-firm-of-the-year-by-chambers\/"]}]},{"@type":"BreadcrumbList","@id":"https:\/\/ykvn-law.com\/vi\/ykvn-awarded-2020-vietnams-firm-of-the-year-by-chambers\/#breadcrumb","itemListElement":[{"@type":"ListItem","position":1,"name":"Home","item":"https:\/\/ykvn-law.com\/vi\/"},{"@type":"ListItem","position":2,"name":"YKVN Nh\u1eadn Gi\u1ea3i Th\u01b0\u1edfng C\u00f4ng Ty Lu\u1eadt Vi\u1ec7t Nam C\u1ee7a N\u0103m 2020 Do Chambers Trao T\u1eb7ng"}]},{"@type":"WebSite","@id":"http:\/\/52.74.48.161\/vi\/#website","url":"http:\/\/52.74.48.161\/vi\/","name":"YKVN","description":"","publisher":{"@id":"http:\/\/52.74.48.161\/vi\/#organization"},"potentialAction":[{"@type":"SearchAction","target":{"@type":"EntryPoint","urlTemplate":"http:\/\/52.74.48.161\/vi\/?s={search_term_string}"},"query-input":{"@type":"PropertyValueSpecification","valueRequired":true,"valueName":"search_term_string"}}],"inLanguage":"vi-VN"},{"@type":"Organization","@id":"http:\/\/52.74.48.161\/vi\/#organization","name":"YKVN","url":"http:\/\/52.74.48.161\/vi\/","logo":{"@type":"ImageObject","inLanguage":"vi-VN","@id":"http:\/\/52.74.48.161\/vi\/#\/schema\/logo\/image\/","url":"https:\/\/s3.ap-southeast-1.amazonaws.com\/ykvn-law.com\/wp-content\/uploads\/2019\/11\/ykvn-logo-for-design-gutters.png","contentUrl":"https:\/\/s3.ap-southeast-1.amazonaws.com\/ykvn-law.com\/wp-content\/uploads\/2019\/11\/ykvn-logo-for-design-gutters.png","width":2571,"height":1649,"caption":"YKVN"},"image":{"@id":"http:\/\/52.74.48.161\/vi\/#\/schema\/logo\/image\/"},"sameAs":["https:\/\/www.facebook.com\/ykvnlawyers"]},{"@type":"Person","@id":"http:\/\/52.74.48.161\/vi\/#\/schema\/person\/5d08db5f24fdd3c0b33be8cd133a1d65","name":"van.le"}]}},"feature_image_src":false,"_links":{"self":[{"href":"https:\/\/ykvn-law.com\/vi\/wp-json\/wp\/v2\/posts\/4582","targetHints":{"allow":["GET"]}}],"collection":[{"href":"https:\/\/ykvn-law.com\/vi\/wp-json\/wp\/v2\/posts"}],"about":[{"href":"https:\/\/ykvn-law.com\/vi\/wp-json\/wp\/v2\/types\/post"}],"author":[{"embeddable":true,"href":"https:\/\/ykvn-law.com\/vi\/wp-json\/wp\/v2\/users\/13"}],"replies":[{"embeddable":true,"href":"https:\/\/ykvn-law.com\/vi\/wp-json\/wp\/v2\/comments?post=4582"}],"version-history":[{"count":0,"href":"https:\/\/ykvn-law.com\/vi\/wp-json\/wp\/v2\/posts\/4582\/revisions"}],"wp:attachment":[{"href":"https:\/\/ykvn-law.com\/vi\/wp-json\/wp\/v2\/media?parent=4582"}],"wp:term":[{"taxonomy":"category","embeddable":true,"href":"https:\/\/ykvn-law.com\/vi\/wp-json\/wp\/v2\/categories?post=4582"},{"taxonomy":"post_tag","embeddable":true,"href":"https:\/\/ykvn-law.com\/vi\/wp-json\/wp\/v2\/tags?post=4582"}],"curies":[{"name":"wp","href":"https:\/\/api.w.org\/{rel}","templated":true}]}}